{"id":1510,"date":"2017-06-01T12:23:28","date_gmt":"2017-06-01T12:23:28","guid":{"rendered":"http:\/\/www.kektoll.com\/?p=1510"},"modified":"2021-04-10T06:35:26","modified_gmt":"2021-04-10T06:35:26","slug":"minek-nevezzelek-alkoltoi-kerdes-onmagamhoz","status":"publish","type":"post","link":"http:\/\/www.kektoll.com\/?p=1510","title":{"rendered":"Minek nevezzelek? (\u00e1lk\u00f6lt\u0151i k\u00e9rd\u00e9s \u00d6nmagamhoz)"},"content":{"rendered":"<p>Nem tudom \u00e9rdemes-e n\u00e9ha v\u00e9gig gondolni, mik\u00e9nt \u00e9rtelmezz\u00fck \u00e9s helyezz\u00fck el \u00f6nmagunkat a vil\u00e1gban. Van egy olyan gyan\u00fam, hogy nem \u00e9rdemes, de n\u00e9ha nem lehet kiker\u00fclni.<\/p>\n<p>A minap egy kedves ismer\u0151s\u00f6m akivel, ha nem is bar\u00e1ts\u00e1got, de igazi tiszteleten alapul\u00f3 bar\u00e1ti viszonyt \u00e1polok, megk\u00e9rt, hogy seg\u00e9dkezzek k\u00f6nyv\u00e9nek bemutat\u00f3j\u00e1n. Ez rendben is van, sz\u00edvesen teszem, hiszen \u0151t is, \u00e9s megismerve a k\u00f6nyv\u00e9t is nagyra becs\u00fcl\u00f6m. \u00c1m volt egy k\u00e9rd\u00e9s mely elind\u00edtotta bennem a c\u00edmben le\u00edrt folyamatot, mert azt k\u00e9rdezte milyen titulust \u00edrjanak a megh\u00edv\u00f3ra, a nevem al\u00e1.<\/p>\n<p>Az els\u0151 javaslat, hogy \u00edrjunk k\u00f6lt\u0151t, azonnal elrettentett. J\u00f3zsef Attila, We\u00f6res S\u00e1ndor, Rimbaud, Mallarm\u00e9, Apollinaire\u2026 Ny\u00e1ri L\u00e1szl\u00f3, igen csak furcsa halmaz lenne. Mi legyek h\u00e1t, tal\u00e1n \u00edr\u00f3? Hiszen nem csak verseket, de pr\u00f3z\u00e1t is termel sz\u0171k\u00f6s id\u0151m. Updike, Thomas Mann, M\u00f3ricz, Camus, M\u00e1rquez\u2026 \u00e9s \u00e9n, ez is \u00e9rdekes lenne.<\/p>\n<p>A v\u00e9geredm\u00e9nyt nem \u00e1rulom el itt csak annyit, hogy a tisztelet \u00fcr\u00fcgy\u00e9n kompromisszumot k\u00f6t\u00f6ttem magammal.<\/p>\n<p>\u00c1m az l\u00e1that\u00f3, hogy innent\u0151l nem ker\u00fclhettem meg a k\u00e9rd\u00e9st,<\/p>\n<p><a href=\"http:\/\/www.youtube.com\/watch?v=yuFwTtOVccE\">http:\/\/www.youtube.com\/watch?v=yuFwTtOVccE<\/a><\/p>\n<p>ki vagyok \u00e9n? M\u00edg fel nem teszi mag\u00e1nak az ember nem is gondoln\u00e1, hogy mennyire neh\u00e9z is lehet erre v\u00e1laszolni. Ha m\u00e1s k\u00e9rdezi, ki vagy, a v\u00e1lasz egyszer\u0171: Ny\u00e1ri L\u00e1szl\u00f3 vagyok kaposv\u00e1ri lakos, magyar \u00e1llampolg\u00e1r, vall\u00e1som katolikus\u2026stb. Magamt\u00f3l k\u00e9rdezve ugyanezt m\u00e1r nem ilyen egyszer\u0171. Nem hiszem, hogy lenne skatulya, amibe egy az egyben belef\u00e9rn\u00e9k, m\u00e1r az is furcsa, hogy mik\u00f6zben keny\u00e9rkeres\u0151 foglalkoz\u00e1somat n\u00e9zve m\u0171szaki ember vagyok, egy\u00e9b tev\u00e9kenys\u00e9geimben a hum\u00e1n jelleg a domin\u00e1ns, minek nevezzem h\u00e1t magamat.<\/p>\n<p>Semmik\u00e9pp sem annak, ahogy a t\u00f6bbs\u00e9g h\u00edv, Ny\u00e1ri Laci. Megszoktam m\u00e1r, de sose szerettem, azt\u00e1n lassan belekorosodtam abba is, hogy Laci b\u00e1csi, ezt m\u00e9g \u00fagy se kedvelem, de nem tartom magam annyira fontosnak, hogy folyamatosan kijav\u00edtsak mindenkit a megsz\u00f3l\u00edt\u00e1somat illet\u0151en, v\u00e9g\u00fcl is mindegy, m\u00e9g mindig jobb, mint a Pista, ahogy \u00d6cs\u00f6d\u00f6n J\u00f3zsef Attil\u00e1t sz\u00f3l\u00edtott\u00e1k. Az\u00e9rt persze nosztalgi\u00e1val gondolok k\u00f6z\u00e9piskolai orosz tan\u00e1rn\u0151mre, \u0151 k\u00f6vetkezetesen L\u00e1szl\u00f3nak h\u00edvott, ez tetszett, s t\u00e1voli szl\u00e1v gy\u00f6kereimre is utalt.<\/p>\n<p><a href=\"http:\/\/www.youtube.com\/watch?v=uUvsk9Hvm70\">http:\/\/www.youtube.com\/watch?v=uUvsk9Hvm70<\/a><\/p>\n<p>16 \u00e9vesen voltam a cs\u00facson ebb\u0151l a szempontb\u00f3l, azt\u00e1n sz\u00edv\u00f3s munk\u00e1val lek\u00fczd\u00f6ttem magam Laciv\u00e1, de valahol m\u00e9lyen \u0151rz\u00f6m L\u00e1szl\u00f3 kir\u00e1lyt.<\/p>\n<p>Tal\u00e1n ez az oka annak, hogy nekem a seggnyal\u00e1s sose ment, se kedvem, se tehets\u00e9gem nem volt hozz\u00e1, ebb\u0151l id\u0151nk\u00e9nt akadtak z\u0171r\u00f6k, a magasra kapaszkodott percemberk\u00e9k gyakran meg\u00e9rezt\u00e9k a Laci szem\u00fcvege m\u00f6g\u00fcl figyel\u0151 L\u00e1szl\u00f3t, de sebaj, a v\u00e1ltoz\u00f3 vil\u00e1g hol felemel, hol leejt, nekem nincs m\u00e1s dolgom, mint nem sz\u00e9d\u00fclni odafenn, s k\u00f6nnyed\u00e9n talpal \u00e9rkezni le, ha \u00e9ppen az k\u00f6vetkezik.<\/p>\n<p>Ki vagyok \u00e9n, mik\u00e9nt Hobo mondja:<\/p>\n<p><em>Nem vagyok b\u00fcd\u00f6s &#8211; nem vagyok \u00e9des<br \/>\nNem vagyok d\u00fch\u00f6s &#8211; nem vagyok \u00e9hes<\/em><\/p>\n<p><em>\u2026<\/em><\/p>\n<p><em>Am\u00edg van keny\u00e9r, s a diszn\u00f3 k\u00f6v\u00e9r,<br \/>\nMondd, kit \u00e9rdekel, mond, kit \u00e9rdekel<br \/>\nMondd, kit \u00e9rdekel,hogy ki vagyok \u00e9n?<\/em><\/p>\n<p>Igen t\u00f6bb mint egy oldal ut\u00e1n visszajutottam a kiindul\u00e1si ponthoz, nem tudom \u00e9s igaz\u00e1b\u00f3l nem is \u00e9rdekel. H\u00edvhatnak h\u00e1t b\u00e1rminek, s \u00e9n is h\u00edvhatom magam ak\u00e1rhogyan, a l\u00e9nyegen nem v\u00e1ltoztat. M\u00e1r amennyiben van olyan, hogy l\u00e9nyeg ezzel kapcsolatban.<\/p>\n<p>Akkor j\u00f6jj\u00f6n a Happy end, a boldog v\u00e9g: Ki vagyok \u00e9n? Vagyok, aki vagyok, minden nap m\u00e1s \u00e9s minden nap ugyanaz, egy ember, aki nem akar t\u00f6bbnek l\u00e1tszani, s kevesebbnek se, k\u00f6nnyek helyett \u00fcveggoly\u00f3t g\u00f6rgetek arcomon.<\/p>\n","protected":false},"excerpt":{"rendered":"<p>Nem tudom \u00e9rdemes-e n\u00e9ha v\u00e9gig gondolni, mik\u00e9nt \u00e9rtelmezz\u00fck \u00e9s helyezz\u00fck el \u00f6nmagunkat a vil\u00e1gban. Van egy olyan gyan\u00fam, hogy nem \u00e9rdemes, de n\u00e9ha nem lehet kiker\u00fclni. A minap egy kedves ismer\u0151s\u00f6m akivel, ha nem is bar\u00e1ts\u00e1got, de igazi tiszteleten alapul\u00f3&hellip;<\/p>\n<p class=\"more-link-p\"><a class=\"more-link\" href=\"http:\/\/www.kektoll.com\/?p=1510\">Read more &rarr;<\/a><\/p>\n","protected":false},"author":2,"featured_media":0,"comment_status":"closed","ping_status":"closed","sticky":false,"template":"","format":"standard","meta":{"ngg_post_thumbnail":0},"categories":[5],"tags":[140,47,26,35,41,31,32,40],"_links":{"self":[{"href":"http:\/\/www.kektoll.com\/index.php?rest_route=\/wp\/v2\/posts\/1510"}],"collection":[{"href":"http:\/\/www.kektoll.com\/index.php?rest_route=\/wp\/v2\/posts"}],"about":[{"href":"http:\/\/www.kektoll.com\/index.php?rest_route=\/wp\/v2\/types\/post"}],"author":[{"embeddable":true,"href":"http:\/\/www.kektoll.com\/index.php?rest_route=\/wp\/v2\/users\/2"}],"replies":[{"embeddable":true,"href":"http:\/\/www.kektoll.com\/index.php?rest_route=%2Fwp%2Fv2%2Fcomments&post=1510"}],"version-history":[{"count":4,"href":"http:\/\/www.kektoll.com\/index.php?rest_route=\/wp\/v2\/posts\/1510\/revisions"}],"predecessor-version":[{"id":2476,"href":"http:\/\/www.kektoll.com\/index.php?rest_route=\/wp\/v2\/posts\/1510\/revisions\/2476"}],"wp:attachment":[{"href":"http:\/\/www.kektoll.com\/index.php?rest_route=%2Fwp%2Fv2%2Fmedia&parent=1510"}],"wp:term":[{"taxonomy":"category","embeddable":true,"href":"http:\/\/www.kektoll.com\/index.php?rest_route=%2Fwp%2Fv2%2Fcategories&post=1510"},{"taxonomy":"post_tag","embeddable":true,"href":"http:\/\/www.kektoll.com\/index.php?rest_route=%2Fwp%2Fv2%2Ftags&post=1510"}],"curies":[{"name":"wp","href":"https:\/\/api.w.org\/{rel}","templated":true}]}}