{"id":1685,"date":"2018-01-04T10:50:59","date_gmt":"2018-01-04T10:50:59","guid":{"rendered":"http:\/\/www.kektoll.com\/?p=1685"},"modified":"2021-05-15T14:21:42","modified_gmt":"2021-05-15T14:21:42","slug":"homokora-avagy-a-blog-iro-maganyossaga","status":"publish","type":"post","link":"http:\/\/www.kektoll.com\/?p=1685","title":{"rendered":"Homok\u00f3ra (Avagy a blog-\u00edr\u00f3 mag\u00e1nyoss\u00e1ga)"},"content":{"rendered":"<h1>&nbsp;<\/h1>\n<p>A c\u00edmben id\u00e9zett sl\u00e1gerrel annyiban vagyok egy platformon, hogy \u00fcl\u00f6k a szob\u00e1mban egyed\u00fcl, \u00e1m sem b\u00fas nem vagyok, s a m\u00faltra sem gondolok, illetve ez nem eg\u00e9szen igaz, hiszen eszembe jut a kinti bambusz fotelom \u00e9s a kerti t\u00f3, de igaz\u00e1b\u00f3l a benti relax fotelommal is be\u00e9rem \u00e9s a kerti t\u00f3b\u00f3l import\u00e1lt halak az akv\u00e1riumb\u00f3l ugyanolyan szenvtelen\u00fcl n\u00e9znek r\u00e1m, ahogy a t\u00f3b\u00f3l szoktak. Alapterm\u00e9szetemt\u0151l am\u00fagy is idegen a bevezet\u0151 dalt \u00e1tleng\u0151 b\u00fasong\u00f3 nosztalgia.<\/p>\n<p><object data=\"\/\/www.youtube.com\/v\/VBtzsW8v444?hl=hu_HU&amp;version=3&amp;rel=0\" type=\"application\/x-shockwave-flash\" data-mce-fragment=\"1\" width=\"615\" height=\"461\"><\/object><\/p>\n<p>Ha szab\u00e1lyk\u00f6vet\u0151 ember lenn\u00e9k, akkor most vagy a m\u00falt \u00e9vet \u00e9rt\u00e9keln\u00e9m, vagy az idei kil\u00e1t\u00e1sokat elemezn\u00e9m, de nem l\u00e1tom \u00e9rtelm\u00e9t. A m\u00falt \u00fagyis folyamatosan v\u00e1ltozik benn\u00fcnk, ak\u00e1r csak a j\u00f6v\u0151. Az \u00fatel\u00e1gaz\u00e1sok csup\u00e1n vari\u00e1ci\u00f3i annak, mik\u00e9nt jutunk el ugyanoda. A j\u00f6v\u0151 &#8211; mik\u00e9nt a m\u00falt is &#8211; megv\u00e1ltoztathatatlan, b\u00e1r \u00f6r\u00f6kk\u00e9 v\u00e1ltoz\u00f3. Igaz\u00e1b\u00f3l egy dolog nem v\u00e1ltozik soha: a jelen. J\u00f6v\u0151t v\u00e1laszthatunk magunknak \u00e9s \u00e1t\u00e9rtelmezhetj\u00fck a m\u00faltat, \u00e1m a jelen \u00f6nmag\u00e1ban val\u00f3 \u00e9s term\u00e9szet\u00e9b\u0151l ad\u00f3d\u00f3an nem v\u00e1ltoztathat\u00f3 addig, m\u00edg m\u00faltt\u00e1 nem lesz.<\/p>\n<div class=\"thumbnail\"><a class=\"\" title=\"\" href=\"http:\/\/kaposvarmost.hu\/files\/c\/f\/cfd4a7990dd9c6ad6e6cf10ee2c3fcfb.jpg\"><img class=\"img-responsive\" src=\"http:\/\/kaposvarmost.hu\/files\/c\/f\/cfd4a7990dd9c6ad6e6cf10ee2c3fcfb.jpg\" alt=\"olvas\u00e1s\"\/><\/a><\/div>\n<p>Teh\u00e1t a jelenr\u0151l \u00edrok, ami minden le\u00fct\u00e9ssel sz\u00e9pen m\u00faltt\u00e1 lesz, hogy az olvas\u00f3k tekintete nyom\u00e1n \u00fajra jelenn\u00e9, majd m\u00faltt\u00e1 v\u00e1ljon. A halak term\u00e9szet\u00fck szerint n\u00e9m\u00e1n n\u00e9znek r\u00e1m, \u0151k m\u00e1r az elej\u00e9t\u0151l nem \u00e9rtik ezt az eg\u00e9szet. A tegnapi pattogatott kukorica morzs\u00e1ib\u00f3l lebeg m\u00e9g n\u00e9h\u00e1ny felett\u00fck, vas\u00e1rnapi idill nekem, \u00e9s \u00f6r\u00f6kk\u00e9val\u00f3 nekik. Persze tudom, mindez ill\u00fazi\u00f3 \u00e9s csak annyiban k\u00fcl\u00f6nb\u00f6z\u00fcnk, hogy az \u00e9n akv\u00e1riumom valamivel nagyobb, \u00e1m nem annyival, hogy b\u00e1rmiben is k\u00fcl\u00f6nbnek \u00e9rezhetn\u00e9m magam n\u00e1luk.<\/p>\n<p>Az \u00e9n akv\u00e1riumom falai \u00e9pp oly \u00e1ttetsz\u0151ek, mint az \u00f6v\u00e9k \u00e9s \u00e9pp oly \u00e1tl\u00e9phetetlenek is. S\u0151t \u00e1tl\u00e9phetetlenebbek, mert \u0151k legal\u00e1bb n\u00e9ha, ha f\u00e9lreh\u00fazom a tet\u0151t, kiugorhatnak a semmibe, hogy azt\u00e1n az idegen k\u00f6zegben tehetetlen\u00fcl verg\u0151djenek a parkett\u00e1n. Nekem azonban nincs hova ugornom, s ha volna is, nem hiszem, hogy lenne, aki felmarkolna \u00e9s visszacs\u00fasztatna a megszokott k\u00f6rnyezetbe.<\/p>\n<blockquote><p>Az \u00fatel\u00e1gaz\u00e1sok csup\u00e1n vari\u00e1ci\u00f3i annak, mik\u00e9nt jutunk el ugyanoda.<\/p><\/blockquote>\n<p>Egyetlen ill\u00fazi\u00f3m marad csak arra, hogy kir\u00e1ndul\u00e1sokat tegyek a falakon t\u00falra, ez\u00e9rt p\u00fcf\u00f6l\u00f6m h\u00e1t a billenty\u0171ket, ez\u00e9rt veszem kezembe a k\u00f6nyveket, hogy mint az ismeretlenbe ugr\u00f3 hal, biztons\u00e1gos kir\u00e1ndul\u00e1sokat tegyek a falakon t\u00falra.&nbsp; Persze mondhatj\u00e1k, ez nem a val\u00f3s\u00e1g, csak halv\u00e1ny t\u00fck\u00f6rk\u00e9pe annak. Ez azonban nem \u00edgy van, ha ell\u00e1togatn\u00e9k Braz\u00edli\u00e1ba, \u00e9s az \u00f3ri\u00e1s folyamok ment\u00e9n burj\u00e1nz\u00f3 es\u0151erd\u0151be, att\u00f3l m\u00e9g Updike Braz\u00edli\u00e1ja vagy Sep\u00falv\u00e9da vesz\u00e9lyekkel teli \u0151serdeje ugyanolyan eleven maradna. Bradbury szinte bizonyosan nem j\u00e1rt a Marson, Mars b\u00e9li kr\u00f3nik\u00e1i azonban egy hihet\u0151 vil\u00e1got rajzolnak el\u00e9nk, tal\u00e1n var\u00e1zslatosabbat, mint ami arra a p\u00e1r kiv\u00e1lasztottra v\u00e1r, akik &#8211; ha a tervek megval\u00f3sulnak &#8211; 2026-ban indulnak az ismeretlenbe.<\/p>\n<p>Tal\u00e1n az\u00e9rt jelentkeztek erre a k\u00fcl\u00f6nleges \u00e9s v\u00e9gletes feladatra (v\u00e9gletes \u00e9s v\u00e9gzetes, mert a tervek szerint nem lesz visszat\u00e9r\u00e9s, onnan nem vezet vissza \u00fat) 200 000-en, mert azt gondolhatj\u00e1k, \u00e1tl\u00e9phetnek egy falat, de ez persze csak ill\u00fazi\u00f3. Ill\u00fazi\u00f3, mert ugyanannak az akv\u00e1riumnak egy t\u00e1voli, s m\u00e9gis k\u00f6zeli sark\u00e1ban v\u00e1rnak majd a v\u00e9gs\u0151 utaz\u00e1sra, arra, amely tal\u00e1n val\u00f3ban \u00e1tseg\u00edt a falon. Lehet, \u00e1tseg\u00edt, ahhoz azonban nem kell olyan messzire utazni, mint Sartre novell\u00e1j\u00e1nak h\u0151se sem ment t\u00fal messzire, m\u00e9gis majdnem \u00e1tjutott a falon, azt\u00e1n s\u00edrva, nevetve \u00fcnnepelte, hogy m\u00e9gsem.<\/p>\n<p>N\u00e9zem a halakat \u00e9s azt gondolom, \u0151k pedig engem n\u00e9znek, ez lehetne ak\u00e1r egy interakci\u00f3 kezdete is, de nem az. A vil\u00e1g m\u00e1s sz\u00e1mukra \u00e9s m\u00e1s sz\u00e1momra. Egym\u00e1st\u00f3l egy m\u00e9ternyire l\u00e9tez\u00fcnk k\u00e9t k\u00fcl\u00f6nb\u00f6z\u0151, \u00e1m a dolgok kisz\u00e1m\u00edthatatlans\u00e1ga folyt\u00e1n m\u00e9gis egy t\u00e9rben l\u00e9v\u0151 vil\u00e1gban.<\/p>\n<p><object data=\"\/\/www.youtube.com\/v\/mj95t5ALAGQ?version=3&amp;hl=hu_HU&amp;rel=0\" type=\"application\/x-shockwave-flash\" data-mce-fragment=\"1\" width=\"615\" height=\"461\"><\/object><\/p>\n<p>Rem\u00e9nytelen\u00fcl, s m\u00e9gis rem\u00e9nnyel teli sz\u00edvvel n\u00e9zek a halak szem\u00e9be, s a k\u00f6r\u00e9m gy\u0171l\u0151 csillagok f\u00e9ny\u00e9ben megl\u00e1tom arcomat a falon t\u00fal, sz\u00e1m sz\u00e9l\u00e9n a megszokott, visszafogott f\u00e9l mosoly. Becsukom a laptopot, s a fotelban mozdulatlanul csomagolni kezdek egy \u00fajabb utaz\u00e1sra.<\/p>\n","protected":false},"excerpt":{"rendered":"<p>&nbsp; A c\u00edmben id\u00e9zett sl\u00e1gerrel annyiban vagyok egy platformon, hogy \u00fcl\u00f6k a szob\u00e1mban egyed\u00fcl, \u00e1m sem b\u00fas nem vagyok, s a m\u00faltra sem gondolok, illetve ez nem eg\u00e9szen igaz, hiszen eszembe jut a kinti bambusz fotelom \u00e9s a kerti t\u00f3,&hellip;<\/p>\n<p class=\"more-link-p\"><a class=\"more-link\" href=\"http:\/\/www.kektoll.com\/?p=1685\">Read more &rarr;<\/a><\/p>\n","protected":false},"author":2,"featured_media":0,"comment_status":"closed","ping_status":"closed","sticky":false,"template":"","format":"standard","meta":{"ngg_post_thumbnail":0},"categories":[7,5],"tags":[37,100,72,35,41,32,40],"_links":{"self":[{"href":"http:\/\/www.kektoll.com\/index.php?rest_route=\/wp\/v2\/posts\/1685"}],"collection":[{"href":"http:\/\/www.kektoll.com\/index.php?rest_route=\/wp\/v2\/posts"}],"about":[{"href":"http:\/\/www.kektoll.com\/index.php?rest_route=\/wp\/v2\/types\/post"}],"author":[{"embeddable":true,"href":"http:\/\/www.kektoll.com\/index.php?rest_route=\/wp\/v2\/users\/2"}],"replies":[{"embeddable":true,"href":"http:\/\/www.kektoll.com\/index.php?rest_route=%2Fwp%2Fv2%2Fcomments&post=1685"}],"version-history":[{"count":3,"href":"http:\/\/www.kektoll.com\/index.php?rest_route=\/wp\/v2\/posts\/1685\/revisions"}],"predecessor-version":[{"id":2500,"href":"http:\/\/www.kektoll.com\/index.php?rest_route=\/wp\/v2\/posts\/1685\/revisions\/2500"}],"wp:attachment":[{"href":"http:\/\/www.kektoll.com\/index.php?rest_route=%2Fwp%2Fv2%2Fmedia&parent=1685"}],"wp:term":[{"taxonomy":"category","embeddable":true,"href":"http:\/\/www.kektoll.com\/index.php?rest_route=%2Fwp%2Fv2%2Fcategories&post=1685"},{"taxonomy":"post_tag","embeddable":true,"href":"http:\/\/www.kektoll.com\/index.php?rest_route=%2Fwp%2Fv2%2Ftags&post=1685"}],"curies":[{"name":"wp","href":"https:\/\/api.w.org\/{rel}","templated":true}]}}