{"id":2262,"date":"2019-10-05T09:15:43","date_gmt":"2019-10-05T09:15:43","guid":{"rendered":"http:\/\/www.kektoll.com\/?p=2262"},"modified":"2019-10-05T09:15:43","modified_gmt":"2019-10-05T09:15:43","slug":"az-en-bekemet-adom-nektek","status":"publish","type":"post","link":"http:\/\/www.kektoll.com\/?p=2262","title":{"rendered":"Az \u00e9n b\u00e9k\u00e9met adom nektek"},"content":{"rendered":"<h1>&nbsp;<\/h1>\n<div class=\"thumbnail\"><a class=\"\" href=\"http:\/\/kaposvarmost.hu\/files\/c\/a\/cadc6a3436cd200afedb180b5d9d215d.jpg\"><img class=\"img-responsive\" src=\"http:\/\/kaposvarmost.hu\/files\/c\/a\/cadc6a3436cd200afedb180b5d9d215d_825x600.jpg\" alt=\"\"\/><\/a><\/div>\n<p>A c\u00edm J\u00e1nos evang\u00e9lium\u00e1b\u00f3l val\u00f3 \u00e9s egy \u00e1ltal\u00e1nosan elfogadott emberi v\u00e1gyat testes\u00edt meg. Az emberek t\u00f6bbs\u00e9ge szeretne b\u00e9kess\u00e9gben \u00e9lni, \u00e1m ez a b\u00e9kess\u00e9g sajnos csak keveseknek adatik meg.<\/p>\n<p>Mi\u00e9rt? Tehetj\u00fck fel a k\u00e9rd\u00e9st, \u00e1m a v\u00e1lasz b\u00e1r ugyanarra ir\u00e1nyul l\u00e1tsz\u00f3lag, val\u00f3j\u00e1ban annyif\u00e9le, ah\u00e1nyf\u00e9l\u00e9k vagyunk. Amennyiben alapos vizsg\u00e1latnak vetj\u00fck al\u00e1 a t\u00e9m\u00e1t, arra jutunk, hogy az okok emberenk\u00e9nt v\u00e1ltozhatnak ugyan, \u00e1m mindig valami k\u00fcls\u0151 k\u00f6r\u00fclm\u00e9nyben tal\u00e1ljuk meg ezeket az okokat. Pikkel r\u00e1m a f\u0151n\u00f6k, nem volt szerencs\u00e9m, nem \u00e9rt meg a p\u00e1rom, a csal\u00e1dom, a\u2026<\/p>\n<p>Val\u00f3ban? T\u00e9nyleg elhissz\u00fck, hogy a dolgok k\u00edv\u00fclr\u0151l befel\u00e9 v\u00e1ltoznak, hogy amit megtapasztalunk, annak csak elszenved\u0151i vagyunk, de nem kiv\u00e1lt\u00f3i, alak\u00edt\u00f3i? T\u00e9nyleg azt gondoljuk, hogy a b\u00e9ke nem a sz\u00edv\u00fcnkben, hanem valahol messze kezd\u0151dik, \u00e9s nek\u00fcnk az a dolgunk, hogy eljussunk abba a t\u00e1voli j\u00f6v\u0151be, t\u00e9rbe, hogy megkaphassuk?<\/p>\n<p>Lehet ez a l\u00e1tszat, hiszen, ha kimegy\u00fcnk a vil\u00e1gb\u00f3l \u00e9s tal\u00e1lunk egy nyugodt, bar\u00e1ts\u00e1gos helyet, akkor val\u00f3ban megnyugodhatunk egy id\u0151re, vagy ha van m\u00f3dunk ott maradni, tal\u00e1n \u00f6r\u00f6kre. Teh\u00e1t igazolva l\u00e1thatjuk, hogy a b\u00e9ke valahol van. Arra nem gondolunk, hogy hogyan jutottunk oda. H\u00e1t \u00fagy, hogy keresni kezdt\u00fck ezt a b\u00e9k\u00e9t \u00e9s ezt a megold\u00e1st tal\u00e1ltuk r\u00e1. \u00c1m maga ez a keres\u00e9s benn\u00fcnk kezd\u0151d\u00f6tt, bel\u00fcl v\u00e1gytunk r\u00e1 \u00e9s megpr\u00f3b\u00e1ltuk hamis eml\u00e9keink nyom\u00e1ba eredve megkeresni. Ha pedig megtal\u00e1ltuk, nem is gondolunk r\u00e1, hogy ez a b\u00e9ke benn\u00fcnk kezd\u0151d\u00f6tt.<\/p>\n<p>Igen, a b\u00e9ke, a saj\u00e1t \u00e9s a t\u00f6bbiek b\u00e9k\u00e9je is csak benn\u00fcnk kezd\u0151dhet. B\u00e9kess\u00e9get hozok nektek, mondta J\u00e9zus. Ezt a b\u00e9k\u00e9t azonban nem \u00fagy hozta, hogy tess\u00e9k, itt van. Hanem \u00fagy, hogy azt mondta, engedj\u00e9tek el a j\u00f6v\u0151t\u0151l val\u00f3 aggodalmaitokat. Legyetek, mint a gyermekek, \u00e1rtatlanok, vagyis rombol\u00f3 eml\u00e9k n\u00e9lk\u00fcliek.<\/p>\n<p>Mert b\u00e1r a m\u00falt, bizonyos megtanult \u00e9s j\u00f3l haszn\u00e1lhat\u00f3 dolgok eset\u00e9ben fontos lehet, a legt\u00f6bb esetben azonban csak akad\u00e1ly, amely felt\u00e9telez\u00e9sek spir\u00e1lj\u00e1ba tasz\u00edt minket, hogy minden szinte ugyan\u00fagy, vagy hasonl\u00f3an megt\u00f6rt\u00e9njen.<\/p>\n<p>Mit tehet\u00fcnk h\u00e1t? Nagyon keveset, ez a kev\u00e9s azonban t\u00f6bb mint elegend\u0151. El\u0151sz\u00f6r is be kell l\u00e1tnunk, hogy a b\u00e9ke benn\u00fcnk kezd\u0151dik, a magunk\u00e9 is, \u00e9s a k\u00f6rnyezet\u00fcnk\u00e9 is. Azt\u00e1n neveltet\u00e9s\u00fcnkt\u0151l, meggy\u0151z\u0151d\u00e9s\u00fcnkt\u0151l f\u00fcgg\u0151en kell alkalmaznunk a tan\u00edt\u00e1st.Mert nem mond err\u0151l m\u00e1st sem J\u00e9zus, sem Buddha, sem a j\u00f3ga mesterei, sem a mai modern tan\u00edt\u00f3k. El kell engedni az aggodalmakat a j\u00f6v\u0151r\u0151l, \u00e9s el kell engedni a m\u00faltat.<\/p>\n<p>A b\u00e9ke benn\u00fcnk van. Minden m\u00e1sodperc, amikor nem gondolunk a j\u00f6v\u0151re, nem r\u00e1g\u00f3dunk a m\u00falton, hanem csak l\u00e9tez\u00fcnk, \u00e1t\u00e9lj\u00fck ezt a b\u00e9k\u00e9t.<\/p>\n<p>Rohan\u00f3 \u00e9let\u00fcnkben, ha nem vagyunk szentek, aszk\u00e9t\u00e1k, j\u00f3ga guruk, akkor egy m\u00f3don k\u00f6zel\u00edthet\u00fcnk ehhez a b\u00e9k\u00e9hez, ha megpr\u00f3b\u00e1ljuk \u00e9lvezni a term\u00e9szet sz\u00e9ps\u00e9g\u00e9t, a zen\u00e9t, a k\u00f6nyveket, a verseket, ha minden pillanatban nyitottak vagyunk a k\u00fcl\u00f6nlegesre, a sz\u00e9pre.<\/p>\n<p>Ezekb\u0151l az ihletett, \u00f6nmaguk\u00e9rt val\u00f3 pillanatokb\u00f3l, amikor m\u00faltunk \u00e9s j\u00f6v\u0151nk elporlad, lelhetj\u00fck meg egy apr\u00f3 pillanatra a b\u00e9k\u00e9t. Amennyiben k\u00e9pesek lesz\u00fcnk sok ilyen pillanatot \u00f6sszegy\u0171jteni, tal\u00e1n egy napon meglelj\u00fck, amit keres\u00fcnk, felfedezz\u00fck, hogy mindig is a mi\u00e9nk volt, \u00e9s csup\u00e1n elfejeltett\u00fck, hogyan lelj\u00fcnk r\u00e1.<\/p>\n<p>Legyen b\u00e9kess\u00e9g, k\u00f6zt\u00fcnk \u00e9s benn\u00fcnk mindenkor.<\/p>\n","protected":false},"excerpt":{"rendered":"<p>&nbsp; A c\u00edm J\u00e1nos evang\u00e9lium\u00e1b\u00f3l val\u00f3 \u00e9s egy \u00e1ltal\u00e1nosan elfogadott emberi v\u00e1gyat testes\u00edt meg. Az emberek t\u00f6bbs\u00e9ge szeretne b\u00e9kess\u00e9gben \u00e9lni, \u00e1m ez a b\u00e9kess\u00e9g sajnos csak keveseknek adatik meg. Mi\u00e9rt? Tehetj\u00fck fel a k\u00e9rd\u00e9st, \u00e1m a v\u00e1lasz b\u00e1r ugyanarra ir\u00e1nyul&hellip;<\/p>\n<p class=\"more-link-p\"><a class=\"more-link\" href=\"http:\/\/www.kektoll.com\/?p=2262\">Read more &rarr;<\/a><\/p>\n","protected":false},"author":2,"featured_media":0,"comment_status":"closed","ping_status":"closed","sticky":false,"template":"","format":"standard","meta":{"ngg_post_thumbnail":0},"categories":[5],"tags":[64,37,26,35,42,41,31,32,40],"_links":{"self":[{"href":"http:\/\/www.kektoll.com\/index.php?rest_route=\/wp\/v2\/posts\/2262"}],"collection":[{"href":"http:\/\/www.kektoll.com\/index.php?rest_route=\/wp\/v2\/posts"}],"about":[{"href":"http:\/\/www.kektoll.com\/index.php?rest_route=\/wp\/v2\/types\/post"}],"author":[{"embeddable":true,"href":"http:\/\/www.kektoll.com\/index.php?rest_route=\/wp\/v2\/users\/2"}],"replies":[{"embeddable":true,"href":"http:\/\/www.kektoll.com\/index.php?rest_route=%2Fwp%2Fv2%2Fcomments&post=2262"}],"version-history":[{"count":1,"href":"http:\/\/www.kektoll.com\/index.php?rest_route=\/wp\/v2\/posts\/2262\/revisions"}],"predecessor-version":[{"id":2263,"href":"http:\/\/www.kektoll.com\/index.php?rest_route=\/wp\/v2\/posts\/2262\/revisions\/2263"}],"wp:attachment":[{"href":"http:\/\/www.kektoll.com\/index.php?rest_route=%2Fwp%2Fv2%2Fmedia&parent=2262"}],"wp:term":[{"taxonomy":"category","embeddable":true,"href":"http:\/\/www.kektoll.com\/index.php?rest_route=%2Fwp%2Fv2%2Fcategories&post=2262"},{"taxonomy":"post_tag","embeddable":true,"href":"http:\/\/www.kektoll.com\/index.php?rest_route=%2Fwp%2Fv2%2Ftags&post=2262"}],"curies":[{"name":"wp","href":"https:\/\/api.w.org\/{rel}","templated":true}]}}