{"id":2269,"date":"2019-11-09T09:25:17","date_gmt":"2019-11-09T09:25:17","guid":{"rendered":"http:\/\/www.kektoll.com\/?p=2269"},"modified":"2019-11-09T09:25:17","modified_gmt":"2019-11-09T09:25:17","slug":"amnezia","status":"publish","type":"post","link":"http:\/\/www.kektoll.com\/?p=2269","title":{"rendered":"Amn\u00e9zia"},"content":{"rendered":"<h1>&nbsp;<\/h1>\n<p>Egyszer m\u00e1r tapasztaltam, de az nem volt ennyire ijeszt\u0151, pedig sokkal vesz\u00e9lyesebb volt.<\/p>\n<div class=\"thumbnail\"><a class=\"\" href=\"http:\/\/kaposvarmost.hu\/files\/f\/0\/f01a1a9436c5c2d8c7fb95d65f2622be.jpg\"><img class=\"img-responsive\" src=\"http:\/\/kaposvarmost.hu\/files\/f\/0\/f01a1a9436c5c2d8c7fb95d65f2622be_825x574.jpg\" alt=\"\"\/><\/a><\/div>\n<p>\u00c9jjel egy \u00f3ra k\u00f6r\u00fcl j\u00f6ttem haza egy sok\u00e1ig elh\u00faz\u00f3d\u00f3 munk\u00e1b\u00f3l \u00e9s mik\u00f6zben Andocson gurultam lefel\u00e9 a templom ut\u00e1ni lejt\u0151n, hirtelen arra lettem figyelmes, hogy emelkedik az \u00fat. Megzavarodtam, ez nem lehet, azt\u00e1n megn\u00e9ztem jobban a h\u00e1zakat, de m\u00e1r a t\u00e1bla is mutatta, \u00e9ppen Magyarat\u00e1dot hagytam el. Az \u00fat Andocst\u00f3l od\u00e1ig teljesen kiesett, nem tudom, hogyan tettem meg, egy perc\u00e9re sem eml\u00e9kszem.<\/p>\n<p>Ma valami hasonl\u00f3 t\u00f6rt\u00e9nt velem, reggel m\u00e9g any\u00e1k napi vir\u00e1got vettem, oda is adtam a nejemnek, azt\u00e1n csak azt vettem \u00e9szre, hogy nem tudok semmit, nem tudom, hol vagyok, nem tudom, mi t\u00f6rt\u00e9nt az ut\u00f3bbi hetekben. Ijeszt\u0151 volt, f\u00e9lelmetes, a feles\u00e9gem seg\u00edtett megfejteni, hogy visszamen\u0151leg mikor mi t\u00f6rt\u00e9nt, azt\u00e1n v\u00e9gig n\u00e9ztem a f\u00e9nyk\u00e9pez\u0151g\u00e9pemen az elm\u00falt p\u00e1r h\u00e9t k\u00e9peit, \u00edgy pr\u00f3b\u00e1ltam visszat\u00e9rni a val\u00f3s\u00e1gba. M\u00e9g mindig nem vagyok teljesen k\u00e9pben, de m\u00e1r alakul. Eml\u00e9kszem p\u00e9ld\u00e1ul arra, hogy ma kell meg\u00edrnom az esed\u00e9kes blogot, ezt \u00e1ltal\u00e1ban vas\u00e1rnap d\u00e9lel\u0151tt teszem, ha valami m\u00e1s fel\u00fcl nem \u00edrja a programom.<\/p>\n<p>A t\u00e9ma most nem volt k\u00e9rd\u00e9s. Mi t\u00f6rt\u00e9nhetett abban a p\u00e1r percben, amit m\u00e9g mindig nem tudok felid\u00e9zni? Tal\u00e1n elvittek az uf\u00f3k, vagy egy m\u00e1sik dimenzi\u00f3ban kir\u00e1ndultam, esetleg \u2013 \u00e9s ez a legval\u00f3sz\u00edn\u0171bb \u2013 megbuggyantam? Mondjuk, ez ut\u00f3bbit, n\u00e9h\u00e1nyan m\u00e1r j\u00f3 ideje pedzegetik.&nbsp;<\/p>\n<p>Nem tudom. Azt azonban \u00e1ll\u00edthatom, hogy riaszt\u00f3 \u00e9lm\u00e9ny hossz\u00fa pillanatokig \u00e1llni a semmi k\u00f6zep\u00e9n \u00e9s keresni valami kapaszkod\u00f3t azzal kapcsolatban, hogy hol vagyok, \u00e9s mit csin\u00e1lok \u00e9ppen. Keresni az utat \u00f6nmagamhoz, mely \u00fat csak az eml\u00e9kek \u00e1ltal meglelhet\u0151. Mert az eml\u00e9keink \u00e1ltal l\u00e9tez\u00fcnk, ezt eddig is tudtam, \u00e1m most brut\u00e1lisan szembes\u00fcltem ezzel az igazs\u00e1ggal.&nbsp;<\/p>\n<p>Azok vagyunk, amikre eml\u00e9ksz\u00fcnk a saj\u00e1t \u00e9s az el\u0151deink \u00e9lt\u00e9b\u0151l. Ha az eml\u00e9kez\u00e9s megsz\u0171nik, ak\u00e1r csak r\u00e9szlegesen is, elvesz\u00edt\u00fcnk egy darabot a m\u00faltunkb\u00f3l, \u00e9s ezzel \u00f6nmagunkb\u00f3l.<\/p>\n<p>Persze nem minden eml\u00e9k j\u00f3. Vannak a m\u00faltb\u00f3l \u00f6r\u00f6k\u00f6lt lappang\u00f3 eml\u00e9kek, amik jobb lenne, ha elt\u0171nn\u00e9nek, de ez sajnos nem k\u00edv\u00e1ns\u00e1gm\u0171sor.<\/p>\n<p>Darq\u00e1w\u00ed <em>Az eml\u00e9kez\u00e9s r\u00f3zsakertj\u00e9ben<\/em>&nbsp;egy k\u00fcl\u00f6n\u00f6s m\u00f3dszerrel pr\u00f3b\u00e1l \u00f6r\u00f6k\u00f6s eml\u00e9kez\u00e9sre k\u00e9sztetni, r\u00e1b\u00edrni arra, hogy ne feledd el, ki vagy, \u00e9s azt, hogy kinek vagy h\u00e1l\u00e1s \u00e9rte. Vannak elm\u00e9letek, melyek szerint a rossz utakra viv\u0151 eml\u00e9keket t\u00f6r\u00f6ln\u00fcnk kell. Az igazs\u00e1g valahol a kett\u0151 k\u00f6z\u00f6tt lehet, eml\u00e9kezn\u00fcnk kell arra, hogy kik vagyunk \u00e9s mik\u00e9nt lett\u00fcnk azz\u00e1, amik vagyunk \u00e9s el kell felejten\u00fcnk, hogy kik nem vagyunk \u00e9s mi\u00e9rt nem lett\u00fcnk valami m\u00e1ss\u00e1.&nbsp;<\/p>\n<p>Nem tudom.<\/p>\n<p>&nbsp; A vil\u00e1gban tal\u00e1lhat\u00f3, \u00f6nmagukban remek\u00fcl meg\u00e1ll\u00f3 b\u00f6lcsess\u00e9gek id\u0151nk\u00e9nt nem, vagy csak nagyon nehezen egyes\u00edthet\u0151k.<\/p>\n<div class=\"thumbnail\"><a class=\"\" href=\"http:\/\/kaposvarmost.hu\/files\/d\/2\/d21307c74d5b191648a4348c7d5cbad0.jpg\"><img class=\"img-responsive\" src=\"http:\/\/kaposvarmost.hu\/files\/d\/2\/d21307c74d5b191648a4348c7d5cbad0_825x600.jpg\" alt=\"\"\/><\/a><\/div>\n<p>Egy biztos, a talajt, amin ment\u00e1lisan \u00e1llunk, eml\u00e9keink id\u0151nk\u00e9nt rogyadoz\u00f3 oszlopai tartj\u00e1k. Lezuhanni r\u00f3luk egyet jelent az id\u0151leges, vagy v\u00e9gleges elt\u0171n\u00e9ssel.<\/p>\n<p>Mondhatn\u00e1m, minden rendben van, visszam\u00e1sztam az eml\u00e9kez\u00e9s oszlopaira, \u00e1m semmi nincs rendben. Ami t\u00f6rt\u00e9nt, \u00f6r\u00f6kk\u00e9 eml\u00e9keztetni fog r\u00e1, hogy a val\u00f3s\u00e1g ak\u00e1r percenk\u00e9nt m\u00e1s lehet, nekem is \u00e9s mindenki m\u00e1snak is.&nbsp;<\/p>\n<p>Nem tehet\u00fcnk m\u00e1st, mint kompromisszumot k\u00f6t\u00fcnk, \u00e9s egyens\u00falyozunk tov\u00e1bb t\u00f6redezett eml\u00e9keink \u00e9s az \u00f6nmagunk k\u00f6zt himb\u00e1l\u00f3z\u00f3 k\u00f6t\u00e9lh\u00eddon, \u00f6r\u00f6kk\u00e9 f\u00e9l\u00faton, \u00f6r\u00f6kk\u00e9 zuhan\u00e1sra k\u00e9szen.<\/p>\n","protected":false},"excerpt":{"rendered":"<p>&nbsp; Egyszer m\u00e1r tapasztaltam, de az nem volt ennyire ijeszt\u0151, pedig sokkal vesz\u00e9lyesebb volt. \u00c9jjel egy \u00f3ra k\u00f6r\u00fcl j\u00f6ttem haza egy sok\u00e1ig elh\u00faz\u00f3d\u00f3 munk\u00e1b\u00f3l \u00e9s mik\u00f6zben Andocson gurultam lefel\u00e9 a templom ut\u00e1ni lejt\u0151n, hirtelen arra lettem figyelmes, hogy emelkedik az&hellip;<\/p>\n<p class=\"more-link-p\"><a class=\"more-link\" href=\"http:\/\/www.kektoll.com\/?p=2269\">Read more &rarr;<\/a><\/p>\n","protected":false},"author":2,"featured_media":0,"comment_status":"closed","ping_status":"closed","sticky":false,"template":"","format":"standard","meta":{"ngg_post_thumbnail":0},"categories":[5],"tags":[35,42,41,31,32,40],"_links":{"self":[{"href":"http:\/\/www.kektoll.com\/index.php?rest_route=\/wp\/v2\/posts\/2269"}],"collection":[{"href":"http:\/\/www.kektoll.com\/index.php?rest_route=\/wp\/v2\/posts"}],"about":[{"href":"http:\/\/www.kektoll.com\/index.php?rest_route=\/wp\/v2\/types\/post"}],"author":[{"embeddable":true,"href":"http:\/\/www.kektoll.com\/index.php?rest_route=\/wp\/v2\/users\/2"}],"replies":[{"embeddable":true,"href":"http:\/\/www.kektoll.com\/index.php?rest_route=%2Fwp%2Fv2%2Fcomments&post=2269"}],"version-history":[{"count":1,"href":"http:\/\/www.kektoll.com\/index.php?rest_route=\/wp\/v2\/posts\/2269\/revisions"}],"predecessor-version":[{"id":2270,"href":"http:\/\/www.kektoll.com\/index.php?rest_route=\/wp\/v2\/posts\/2269\/revisions\/2270"}],"wp:attachment":[{"href":"http:\/\/www.kektoll.com\/index.php?rest_route=%2Fwp%2Fv2%2Fmedia&parent=2269"}],"wp:term":[{"taxonomy":"category","embeddable":true,"href":"http:\/\/www.kektoll.com\/index.php?rest_route=%2Fwp%2Fv2%2Fcategories&post=2269"},{"taxonomy":"post_tag","embeddable":true,"href":"http:\/\/www.kektoll.com\/index.php?rest_route=%2Fwp%2Fv2%2Ftags&post=2269"}],"curies":[{"name":"wp","href":"https:\/\/api.w.org\/{rel}","templated":true}]}}