{"id":2334,"date":"2020-06-21T08:01:42","date_gmt":"2020-06-21T08:01:42","guid":{"rendered":"http:\/\/www.kektoll.com\/?p=2334"},"modified":"2020-06-21T08:01:42","modified_gmt":"2020-06-21T08:01:42","slug":"a-csend-utan","status":"publish","type":"post","link":"http:\/\/www.kektoll.com\/?p=2334","title":{"rendered":"A csend ut\u00e1n"},"content":{"rendered":"<p>M\u00e1r szinte el is felejtettem, milyen a kertben \u00edrni. Az id\u00e9n nem volt hozz\u00e1m kegyes az id\u0151j\u00e1r\u00e1s, b\u00e1r t\u00f6bbsz\u00f6r bepr\u00f3b\u00e1lkoztam, de \u00e1ltal\u00e1ban f\u00e9l \u00f3ra ut\u00e1n be kellett mennem, mert nagyon h\u0171v\u00f6s volt az id\u0151.<\/p>\n<p>Most minden rendben, s\u00fct a nap, h\u00fasz fok van, a halak is \u00e9lvezik a nagyobb napf\u00e9nyes foltokat. Egy kis kert rendez\u00e9s ut\u00e1n t\u00f6bb f\u00e9ny jut a t\u00f3nak, ezt a halak is \u00e9rt\u00e9kelik \u00e9s v\u00edgan lubickolnak a v\u00edzben \u00e9s a f\u00e9nyben.<\/p>\n<p>Szerencs\u00e9re a hossz\u00fa t\u00e9l nem \u00e1rtott a benzines kerti g\u00e9peknek, egyik ir\u00e1nyb\u00f3l permetez\u0151, m\u00e1sik ir\u00e1nyb\u00f3l f\u0171ny\u00edr\u00f3, harmadik ir\u00e1nyb\u00f3l l\u00e1ncf\u0171r\u00e9sz sz\u00f3l, minden adott a vas\u00e1rnap d\u00e9lel\u0151tti kertv\u00e1rosi idillhez.<\/p>\n<p><img loading=\"lazy\" class=\"aligncenter size-full wp-image-2335\" src=\"http:\/\/www.kektoll.com\/wp-content\/uploads\/2020\/06\/DSCN4867.jpg\" alt=\"\" width=\"3264\" height=\"2448\" srcset=\"http:\/\/www.kektoll.com\/wp-content\/uploads\/2020\/06\/DSCN4867.jpg 3264w, http:\/\/www.kektoll.com\/wp-content\/uploads\/2020\/06\/DSCN4867-300x225.jpg 300w, http:\/\/www.kektoll.com\/wp-content\/uploads\/2020\/06\/DSCN4867-768x576.jpg 768w, http:\/\/www.kektoll.com\/wp-content\/uploads\/2020\/06\/DSCN4867-1024x768.jpg 1024w, http:\/\/www.kektoll.com\/wp-content\/uploads\/2020\/06\/DSCN4867-560x420.jpg 560w, http:\/\/www.kektoll.com\/wp-content\/uploads\/2020\/06\/DSCN4867-260x195.jpg 260w, http:\/\/www.kektoll.com\/wp-content\/uploads\/2020\/06\/DSCN4867-160x120.jpg 160w\" sizes=\"(max-width: 3264px) 100vw, 3264px\" \/><\/p>\n<p>\u00c9lvezem h\u00e1t a nyolcezres fordulaton z\u00fcmm\u00f6g\u0151 csendet \u00e9s arra gondolok, volt id\u0151, amikor m\u00e9g felh\u00faztam magam a k\u00f6r\u00fclm\u00e9nyek ilyet\u00e9n alakul\u00e1s\u00e1n, most azonban sztoikus nyugalommal simogatom a billenty\u0171zetbe az elm\u00e9mb\u0151l \u00e1lmosan felbukkan\u00f3 szavakat.<\/p>\n<p>Tudom, ami t\u00f6rt\u00e9nik, nem az \u00e9n bosszant\u00e1som miatt t\u00f6rt\u00e9nik, hanem mert \u00e9ppen \u00edgy alakult, \u00e9s egy olyan k\u00f6rny\u00e9ken, ahol minden h\u00e1zban van k\u00e9t f\u0171ny\u00edr\u00f3, van l\u00e1ncf\u0171r\u00e9sz \u00e9s van motoros permetez\u0151, ott legal\u00e1bb egy, a tem\u00e9rdek g\u00e9p k\u00f6z\u00fcl mindig \u00fczemben lesz.<\/p>\n<p>J\u00f3l van ez \u00edgy, b\u00e1r kerti irod\u00e1m, a sz\u00e9kemb\u0151l n\u00e9zve egy t\u00e1voli vil\u00e1g elszigetelt zug\u00e1nak l\u00e1tszik, a hangok tudatj\u00e1k, nem vagyok egyed\u00fcl.&nbsp;<\/p>\n<p>Ahogy meg kell tanulnunk elengedni a rossz gondolatokat, a negat\u00edv \u00e9rzelmeket, a f\u00e1j\u00f3 eml\u00e9keket, \u00fagy el kell tudni engedni a val\u00f3di csendet is. Civiliz\u00e1lt vil\u00e1gunkban a csend csup\u00e1n egy absztrakt fogalom, olyasmi, amivel a mindennapi \u00e9letben soha, vagy csak nagyon ritk\u00e1n tal\u00e1lkozunk. Emiatt legt\u00f6bb\u00fcnk ker\u00fcli is ezt a tal\u00e1lkoz\u00e1st, r\u00e1di\u00f3t, tv-t vagy a sz\u00e1m\u00edt\u00f3g\u00e9p hangsz\u00f3r\u00f3j\u00e1t bekapcsolva teremt\u00fcnk h\u00e1tt\u00e9rzajt a mindennapjainkhoz. Legt\u00f6bb\u00fcnknek m\u00e1r r\u00e9g nem bar\u00e1tja a csend.<\/p>\n<p>Ebb\u0151l k\u00f6vetkezik, hogy ha a k\u00fcls\u0151 csendet nem tudjuk elviselni, akkor a bels\u0151 csend is csak valami legenda, fantasztikus mese, amir\u0151l fogalmunk sincs, hogy milyen lehet. \u00c1lland\u00f3an l\u00fcktet\u0151, a felgyorsult vil\u00e1gt\u00f3l folyamatosan akci\u00f3ban l\u00e9v\u0151 elm\u00e9nk sz\u00e1m\u00e1ra nincs meg\u00e1ll\u00e1s.<\/p>\n<p>Pedig n\u00e9ha j\u00f3 hallgatni egy \u00fcres szoba csendj\u00e9t, a falban fel-felb\u00fag\u00f3 v\u00edzvezet\u00e9ket, a b\u00fatorok, t\u00e1rgyak apr\u00f3 roppan\u00e1sait, melyek csak a cs\u00f6nd kontrasztjak\u00e9nt \u00e9rtelmezhet\u0151k, \u00e9s igen, j\u00f3 n\u00e9ha nem gondolni semmire, meg\u00e1ll\u00edtani a lehunyt szemh\u00e9jak m\u00f6g\u00f6tt perg\u0151 priv\u00e1t mozit, kisz\u00e1llni p\u00e1r pillanatra az id\u0151vonatb\u00f3l.<\/p>\n<p>Minden ilyen kisz\u00e1ll\u00e1s ut\u00e1n, kicsit \u00e1t\u00e9rt\u00e9kel\u0151dik a vil\u00e1g. Visszat\u00e9rni nem tudsz, csak a jelen pillanatba, nem lehet visszat\u00e9rni a m\u00faltba, vagy a j\u00f6v\u0151be, amikor a ment\u00e1lis csendb\u0151l visszaj\u00f6ssz, a jelenben vagy. A jelenben, melyet legt\u00f6bbsz\u00f6r nem, vagy csak bosszant\u00f3 momentumk\u00e9nt \u00e9rz\u00e9kelsz, pedig az eml\u00e9keidben t\u00e1rolt m\u00falt is ezekb\u0151l a jelenekb\u0151l k\u00e9pz\u0151d\u00f6tt, \u00e9s ezekb\u0151l dob kock\u00e1t neked a j\u00f6v\u0151.<\/p>\n<p>Mi dolgod h\u00e1t a m\u00falttal, azon t\u00fal, hogy tudod, ki vagy, \u00e9s mi dolgod a j\u00f6v\u0151vel, az majd megjelenik valamilyen jelenk\u00e9nt, s r\u00f6gt\u00f6n m\u00faltt\u00e1 is lesz. Egyetlen igazi hely van sz\u00e1modra, a jelen \u00e9s m\u00e9gis erre a jelenre ford\u00edtasz a legkevesebb figyelmet, pedig ez az egyetlen hely, ahol tehetsz valamit a m\u00faltad\u00e9rt, \u00e9s \u00e1t\u00edrhatod a j\u00f6v\u0151t kiperget\u0151 kocka lapjait.<\/p>\n<p>Nem tehetsz t\u00f6bbet, mint l\u00e9trehozod magadnak a csendet, a pillanatot, amikor csak l\u00e9tezel, csak \u00e9lsz, de nem \u00edt\u00e9lkezel, nem eml\u00e9kezel, nem fant\u00e1zi\u00e1lsz. Azt\u00e1n onnan visszat\u00e9rve megmaradsz a csend partj\u00e1n a jelenben.<\/p>\n<p>Amennyiben ezt megtanulod, nincs az az \u00fctvef\u00far\u00f3, l\u00e1ncf\u0171r\u00e9sz, sikoly, rossz zene, ami megakad\u00e1lyozna abban, hogy azt, \u00e9s \u00fagy l\u00e1sd az adott pillanatban, ahogy kell, ahogy j\u00f3 neked.&nbsp;<\/p>\n","protected":false},"excerpt":{"rendered":"<p>M\u00e1r szinte el is felejtettem, milyen a kertben \u00edrni. Az id\u00e9n nem volt hozz\u00e1m kegyes az id\u0151j\u00e1r\u00e1s, b\u00e1r t\u00f6bbsz\u00f6r bepr\u00f3b\u00e1lkoztam, de \u00e1ltal\u00e1ban f\u00e9l \u00f3ra ut\u00e1n be kellett mennem, mert nagyon h\u0171v\u00f6s volt az id\u0151. Most minden rendben, s\u00fct a nap,&hellip;<\/p>\n<p class=\"more-link-p\"><a class=\"more-link\" href=\"http:\/\/www.kektoll.com\/?p=2334\">Read more &rarr;<\/a><\/p>\n","protected":false},"author":2,"featured_media":0,"comment_status":"closed","ping_status":"closed","sticky":false,"template":"","format":"standard","meta":{"ngg_post_thumbnail":0},"categories":[5],"tags":[35,42,41,59,31,40],"_links":{"self":[{"href":"http:\/\/www.kektoll.com\/index.php?rest_route=\/wp\/v2\/posts\/2334"}],"collection":[{"href":"http:\/\/www.kektoll.com\/index.php?rest_route=\/wp\/v2\/posts"}],"about":[{"href":"http:\/\/www.kektoll.com\/index.php?rest_route=\/wp\/v2\/types\/post"}],"author":[{"embeddable":true,"href":"http:\/\/www.kektoll.com\/index.php?rest_route=\/wp\/v2\/users\/2"}],"replies":[{"embeddable":true,"href":"http:\/\/www.kektoll.com\/index.php?rest_route=%2Fwp%2Fv2%2Fcomments&post=2334"}],"version-history":[{"count":1,"href":"http:\/\/www.kektoll.com\/index.php?rest_route=\/wp\/v2\/posts\/2334\/revisions"}],"predecessor-version":[{"id":2336,"href":"http:\/\/www.kektoll.com\/index.php?rest_route=\/wp\/v2\/posts\/2334\/revisions\/2336"}],"wp:attachment":[{"href":"http:\/\/www.kektoll.com\/index.php?rest_route=%2Fwp%2Fv2%2Fmedia&parent=2334"}],"wp:term":[{"taxonomy":"category","embeddable":true,"href":"http:\/\/www.kektoll.com\/index.php?rest_route=%2Fwp%2Fv2%2Fcategories&post=2334"},{"taxonomy":"post_tag","embeddable":true,"href":"http:\/\/www.kektoll.com\/index.php?rest_route=%2Fwp%2Fv2%2Ftags&post=2334"}],"curies":[{"name":"wp","href":"https:\/\/api.w.org\/{rel}","templated":true}]}}