{"id":2338,"date":"2020-07-05T06:13:17","date_gmt":"2020-07-05T06:13:17","guid":{"rendered":"http:\/\/www.kektoll.com\/?p=2338"},"modified":"2020-07-05T06:47:15","modified_gmt":"2020-07-05T06:47:15","slug":"valahol","status":"publish","type":"post","link":"http:\/\/www.kektoll.com\/?p=2338","title":{"rendered":"Valahol"},"content":{"rendered":"<p align=\"center\"><span style=\"font-family: Liberation Sans, serif;\"><span style=\"font-size: xx-large;\">&nbsp;<\/span><\/span><\/p>\n<p class=\"western\" align=\"left\"><span style=\"font-size: small;\">Minden nap egy \u00faj kezdet, egy \u00faj lehet\u0151s\u00e9g. Az \u00e9let naponta k\u00edn\u00e1l valamit, ha hajland\u00f3 vagy \u00e9szrevenni. Ez a valami olykor csak egy kis bossz\u00fas\u00e1g, vagy valami ban\u00e1lis sz\u00e9pb\u0151l sz\u00e1rmaz\u00f3 \u00f6r\u00f6m, de n\u00e9ha a l\u00e9nyeg \u00f6sszet\u00f6m\u00f6r\u00f6d\u00e9se n\u00e9h\u00e1ny ihletett pillanatba.<\/span><\/p>\n<p class=\"western\" align=\"left\"><span style=\"font-size: small;\">Egy naps\u00fct\u00e9ses szombat d\u00e9lut\u00e1n gurultam k\u00e9nyelmesen \u00e9desany\u00e1mhoz. Nem siettem, az \u00fat minden perce \u00e9lvezet volt. Gurulni az ismer\u0151s somogyi t\u00e1jakon, n\u00e9zni a dombokon a f\u00e9ny <\/span><span style=\"font-size: small;\">\u00e9s az<\/span><span style=\"font-size: small;\"> \u00e1rny\u00e9k v\u00e1ltakoz\u00e1s\u00e1t, mely a figyel\u0151 szem sz\u00e1m\u00e1ra soha nem egyforma, mindig ad egy \u00faj l\u00e1tv\u00e1nyt, egy \u00faj sz\u00e9ps\u00e9get.<\/span><\/p>\n<p class=\"western\" align=\"left\"><span style=\"font-size: small;\">Mikor meg\u00e9rkeztem, szembes\u00fcltem vele, hogy anyunak megint elfogyott a pap<\/span><span style=\"font-size: small;\">\u00ed<\/span><span style=\"font-size: small;\">r zsebkend\u0151je. Gondoltam gyorsan elugrok a boltba. <\/span><span style=\"font-size: small;\">K<\/span><span style=\"font-size: small;\">ora d\u00e9lut\u00e1n volt, de m\u00e1r nem tal\u00e1ltam nyitva, a vid\u00e9ki l\u00e9tt\u0151l elszokott \u00e9nem meglep\u0151dve tapasztalta, hogy nem hogy 24 \u00f3r\u00e1ban <\/span><span style=\"font-size: small;\">nincs nyitva<\/span><span style=\"font-size: small;\">, de h\u00e9tv\u00e9g\u00e9n, m\u00e1r eb\u00e9d ut\u00e1n bez\u00e1r a bolt.<\/span><\/p>\n<p class=\"western\" align=\"left\"><span style=\"font-size: small;\">K\u00f6r\u00fcln\u00e9ztem, mit tehetn\u00e9k. A bolt melle<\/span><span style=\"font-size: small;\">t<\/span><span style=\"font-size: small;\">t k\u00f6zvetlen\u00fcl ott volt a kocsma, gondoltam, ha sz\u00e1zas csomagban nem is, de tal\u00e1n kisebb kiszerel\u00e9sben kaphat\u00f3 a pap\u00edr zs<\/span><span style=\"font-size: small;\">e<\/span><span style=\"font-size: small;\">bkend\u0151.<\/span><\/p>\n<p align=\"left\"><img loading=\"lazy\" class=\"aligncenter size-full wp-image-2339\" src=\"http:\/\/www.kektoll.com\/wp-content\/uploads\/2020\/07\/DSCF1597.jpg\" alt=\"\" width=\"2048\" height=\"1536\" srcset=\"http:\/\/www.kektoll.com\/wp-content\/uploads\/2020\/07\/DSCF1597.jpg 2048w, http:\/\/www.kektoll.com\/wp-content\/uploads\/2020\/07\/DSCF1597-300x225.jpg 300w, http:\/\/www.kektoll.com\/wp-content\/uploads\/2020\/07\/DSCF1597-768x576.jpg 768w, http:\/\/www.kektoll.com\/wp-content\/uploads\/2020\/07\/DSCF1597-1024x768.jpg 1024w, http:\/\/www.kektoll.com\/wp-content\/uploads\/2020\/07\/DSCF1597-560x420.jpg 560w, http:\/\/www.kektoll.com\/wp-content\/uploads\/2020\/07\/DSCF1597-260x195.jpg 260w, http:\/\/www.kektoll.com\/wp-content\/uploads\/2020\/07\/DSCF1597-160x120.jpg 160w\" sizes=\"(max-width: 2048px) 100vw, 2048px\" \/><\/p>\n<p class=\"western\" align=\"left\"><span style=\"font-size: small;\">A helyis\u00e9gben \u00f6sszesen \u00f6t vend\u00e9g volt. Ketten k\u00fcl\u00f6n, k\u00fcl\u00f6n \u00fcld\u00f6g\u00e9ltek a s\u00f6r\u00fck mellett, a pult k\u00f6zel\u00e9ben azonban egy h\u00e1romf\u0151s t\u00e1rsas\u00e1g vid\u00e1man besz\u00e9lgetett valamir\u0151l. Amikor bel\u00e9ptem, egy pillanatra eln\u00e9multak, a k\u00f6sz\u00f6n\u00e9semre visszak\u00f6sz\u00f6ntek, \u00e9s v\u00e1rt\u00e1k ki vagyok \u00e9s mit akarok. A pultos l\u00e1nynak elmondtam mit szeretn\u00e9k \u00e9s mi\u00e9rt, de nem tudott seg\u00edteni. Ekkor a h\u00e1romf\u0151s t\u00e1rsas\u00e1gb\u00f3l az egyik bajszos f\u00e9rfi is bekapcsol\u00f3dott a besz\u00e9lget\u00e9sbe, miut\u00e1n megtudta, hogy a zsebkend\u0151t az \u00f6regotthonban lak\u00f3 \u00e9desany\u00e1mnak vinn\u00e9m, <\/span><span style=\"font-size: small;\">tov\u00e1bbi <\/span><span style=\"font-size: small;\">k\u00e9rd\u00e9s n\u00e9lk\u00fcl telefont ragadott, \u00e9s m\u00e1r mondta is, \u201eHozz kicsim, egy sz\u00e1zas pap\u00edrzsepit a kocsm\u00e1ba.\u201d<\/span><\/p>\n<p class=\"western\" align=\"left\"><span style=\"font-size: small;\">&#8211; Na, mindj\u00e1rt itt lesz. &#8211; mondta nekem.<\/span><\/p>\n<p class=\"western\" align=\"left\"><span style=\"font-size: small;\">M\u00edg e zsebkend\u0151 meg\u00e9rkezett, kider\u00fclt, hogy valamilyen m\u00f3don k\u00f6ze van a bolthoz, a feles\u00e9ge a boltvezet\u0151. Egy fiatal l\u00e1ny hozta a csomagot, a l\u00e1nya. Mikor megk\u00e9rdeztem mennyivel tartozok, csak legyintett, semmivel. V\u00e9g\u00fcl megh\u00edvtam mindannyiukat egy s\u00f6rre, \u00e9n pedig a nemzetk\u00f6zi karvalyt\u0151k\u00e9t gazdag\u00edtand\u00f3, egy <\/span><span style=\"font-size: small;\">Coca C<\/span><span style=\"font-size: small;\">ol\u00e1t k\u00e9rtem, term\u00e9szetesen cukormenteset, citromosat, ahogyan egy j\u00f3 agymosottnak kell.<\/span><\/p>\n<p class=\"western\" align=\"left\"><span style=\"font-size: small;\">Elmondtam nekik, hogy a l\u00e9gvonalban tal\u00e1n \u00f6t kilom\u00e9terre l\u00e9v\u0151 faluban sz\u00fclettem. Ezt nevetve fogadt\u00e1k, \u00e9s mondt\u00e1k, most, mivel s\u00f6rt fizettem nekik, nem vernek meg, de legk\u00f6zelebb nem \u00faszom meg. Kider\u00fclt, hogy a k\u00e9t falu csapata nagy riv\u00e1lis a bajnoks\u00e1gban. Tov\u00e1bb besz\u00e9lgett\u00fcnk, imm\u00e1r a focir\u00f3l, \u00e9s \u00e9n m\u00e1r els\u0151re is pontosan tudtam, hogy a ver\u00e9s \u00edg\u00e9rete csak aff\u00e9le vaskos tr\u00e9fa, igaz j\u00f3 emberekkel tal\u00e1lkoztam egy napf\u00e9nyes szombat d\u00e9lut\u00e1non. A magyarorsz\u00e1gi vid\u00e9k, melyben feln\u0151ttem, m\u00e9g nem adta meg mag\u00e1t teljesen a haszonszeml\u00e9let\u0171 \u00faj szeleknek. Itt m\u00e9g l\u00e9tezik az a bar\u00e1ts\u00e1gos l\u00e9gk\u00f6r, melyben kiseg\u00edt\u00fcnk egy idegent, an\u00e9lk\u00fcl, hogy k\u00e9rn\u00e9, csak mert a g\u00e9njeinkben benne van az a t\u00f6bblet, ami az embert, emberr\u00e9 teszi.<\/span><\/p>\n<p class=\"western\" align=\"left\"><span style=\"font-size: small;\">Hazafel\u00e9, nem a dombokat n\u00e9ztem, hanem a kis falvak h\u00e1zait, melyek k\u00f6z\u00fcl n\u00e9melyik m\u00e1r elhagyatottan hirdette, hogy a sors\u00e1t nem ker\u00fclheti el senki \u00e9s semmi, hogy mik\u00e9nt m\u00e1r sok helyen megt\u00f6rt\u00e9nt, ezek a falvak is h\u00e1zr\u00f3l, h\u00e1zra beleomlanak majd a hull\u00e1mz\u00f3 t\u00e1jba, s vele sajnos elm\u00falnak azok a pillanatok is, amikor mosolyt \u00e9s seg\u00edt\u0151 kezet ny\u00fajtanak egy idegennek, mert nem lesz aki ny\u00fa<\/span><span style=\"font-size: small;\">j<\/span><span style=\"font-size: small;\">tsa \u00e9s az sem lesz, akinek.<\/span><\/p>\n<p class=\"western\" align=\"left\"><span style=\"font-size: small;\">K\u00f6zben m\u00e1r a sz\u00fcl\u0151falumba \u00e9rtem, mintha csak az eddig gondoltakra r\u00edmelne, a h\u00edd amin meg\u00e1llok, \u00e9ppen szemben van a k\u00f6nyvt\u00e1rral, ahol beleszerettem apr\u00f3 gyerekk\u00e9nt az olvas\u00e1sba. Illetve, csak a k\u00f6nyvt\u00e1r h\u0171lt hely\u00e9vel, mert soha nem m\u00fal\u00f3 \u00e9lm\u00e9nyeim hona m\u00e1r a f\u00f6lddel egyenl\u0151, elb\u00e1nt vele az \u00e9let, \u00e9ppen \u00fagy, ahogy majd elb\u00e1nik minden m\u00e1ssal is ebb\u0151l a vil\u00e1gb\u00f3l, sz\u00e9pen, sorban.<\/span><\/p>\n<p class=\"western\" align=\"left\"><span style=\"font-size: small;\">N\u00e9zem az \u00fcres telket, nem s\u00edrok, nem vagyok egy nosztalgi\u00e1z\u00f3s alkat, tudom a vid\u00e9k ereje nem a falakban, hanem az emberek sz\u00edv\u00e9ben lakozik, legal\u00e1bbis egy ideig, am\u00edg m\u00e9g \u00e9l\u00fcnk.<\/span><\/p>\n","protected":false},"excerpt":{"rendered":"<p>&nbsp; Minden nap egy \u00faj kezdet, egy \u00faj lehet\u0151s\u00e9g. Az \u00e9let naponta k\u00edn\u00e1l valamit, ha hajland\u00f3 vagy \u00e9szrevenni. Ez a valami olykor csak egy kis bossz\u00fas\u00e1g, vagy valami ban\u00e1lis sz\u00e9pb\u0151l sz\u00e1rmaz\u00f3 \u00f6r\u00f6m, de n\u00e9ha a l\u00e9nyeg \u00f6sszet\u00f6m\u00f6r\u00f6d\u00e9se n\u00e9h\u00e1ny ihletett pillanatba.&hellip;<\/p>\n<p class=\"more-link-p\"><a class=\"more-link\" href=\"http:\/\/www.kektoll.com\/?p=2338\">Read more &rarr;<\/a><\/p>\n","protected":false},"author":2,"featured_media":0,"comment_status":"closed","ping_status":"closed","sticky":false,"template":"","format":"standard","meta":{"ngg_post_thumbnail":0},"categories":[5],"tags":[105,106,104,47,40,103],"_links":{"self":[{"href":"http:\/\/www.kektoll.com\/index.php?rest_route=\/wp\/v2\/posts\/2338"}],"collection":[{"href":"http:\/\/www.kektoll.com\/index.php?rest_route=\/wp\/v2\/posts"}],"about":[{"href":"http:\/\/www.kektoll.com\/index.php?rest_route=\/wp\/v2\/types\/post"}],"author":[{"embeddable":true,"href":"http:\/\/www.kektoll.com\/index.php?rest_route=\/wp\/v2\/users\/2"}],"replies":[{"embeddable":true,"href":"http:\/\/www.kektoll.com\/index.php?rest_route=%2Fwp%2Fv2%2Fcomments&post=2338"}],"version-history":[{"count":5,"href":"http:\/\/www.kektoll.com\/index.php?rest_route=\/wp\/v2\/posts\/2338\/revisions"}],"predecessor-version":[{"id":2344,"href":"http:\/\/www.kektoll.com\/index.php?rest_route=\/wp\/v2\/posts\/2338\/revisions\/2344"}],"wp:attachment":[{"href":"http:\/\/www.kektoll.com\/index.php?rest_route=%2Fwp%2Fv2%2Fmedia&parent=2338"}],"wp:term":[{"taxonomy":"category","embeddable":true,"href":"http:\/\/www.kektoll.com\/index.php?rest_route=%2Fwp%2Fv2%2Fcategories&post=2338"},{"taxonomy":"post_tag","embeddable":true,"href":"http:\/\/www.kektoll.com\/index.php?rest_route=%2Fwp%2Fv2%2Ftags&post=2338"}],"curies":[{"name":"wp","href":"https:\/\/api.w.org\/{rel}","templated":true}]}}