{"id":2400,"date":"2020-10-23T06:47:13","date_gmt":"2020-10-23T06:47:13","guid":{"rendered":"http:\/\/www.kektoll.com\/?p=2400"},"modified":"2020-10-23T06:47:13","modified_gmt":"2020-10-23T06:47:13","slug":"fake-news","status":"publish","type":"post","link":"http:\/\/www.kektoll.com\/?p=2400","title":{"rendered":"Fake news"},"content":{"rendered":"<p>N\u00e9ha, gyakran \u00e9n is t\u00e9vedek. M\u00e1r \u00edrtam r\u00f3la, hogy mennyire bosszantanak az \u00e1lh\u00edrek, illetve nem is maguk a h\u00edrek, hanem az, hogy ezeknek a sz\u00e1momra nyilv\u00e1nval\u00f3an bl\u0151d h\u00fclyes\u00e9geknek emberek bed\u0151lnek, k\u00f6zt\u00fck olyan emberek is, akiket magam is ismerek \u00e9s enn\u00e9l t\u00f6bbre \u00e9rt\u00e9kelek.<\/p>\n<p>Egy ideig ismeretterjeszt\u0151 harcot folytattam a magam eszk\u00f6zeivel. Az ilyen h\u00edreket a k\u00f6z\u00f6ss\u00e9gi h\u00e1l\u00f3n megoszt\u00f3kkal k\u00f6z\u00f6ltem, hogy fake news-t osztottak meg, ehhez pr\u00f3b\u00e1ltam r\u00f6vid \u00e9rveket illetve linkeket mell\u00e9kelni. \u00c1m a t\u00f6bbs\u00e9gre ez semmilyen hat\u00e1ssal nem volt, felvil\u00e1gos\u00edt\u00f3 igyekezetem merev elutas\u00edt\u00e1sban, vagy sima mell\u0151z\u00e9ben halt el, n\u00e9h\u00e1ny kiv\u00e9telt\u0151l eltekintve.<\/p>\n<div class=\"thumbnail\"><a class=\"\" title=\"Illusztr\u00e1ci\u00f3: asia.nikkei.com\" href=\"http:\/\/kaposvarmost.hu\/files\/f\/2\/f28428c4800a994aa19673fa61399755.png\"><img class=\"img-responsive\" src=\"http:\/\/kaposvarmost.hu\/files\/f\/2\/f28428c4800a994aa19673fa61399755_825x540.png\" alt=\"\"\/><\/a><\/p>\n<div class=\"caption\">&nbsp;<\/div>\n<\/div>\n<p>Kitart\u00f3 vagyok, de egy id\u0151 ut\u00e1n r\u00e1j\u00f6ttem, ez a tev\u00e9kenys\u00e9g r\u00e9szemr\u0151l felesleges, \u00e1m mivel tov\u00e1bbra is zavart, \u00edgy az \u00f6sszes ilyen oldalr\u00f3l j\u00f6v\u0151 h\u00edrt elt\u00fcntettem a l\u00e1t\u00f3k\u00f6r\u00f6mb\u0151l. A probl\u00e9ma azonban nem hagyott nyugodni \u00e9s kicsit ut\u00e1naj\u00e1rtam a dolgoknak. Megd\u00f6bbenve olvastam, hogy m\u00e1r a tizenkilencedik sz\u00e1zad Magyarorsz\u00e1g\u00e1n is l\u00e9tezett az \u00e1lh\u00edrsajt\u00f3, csak akkoriban m\u00e9g az ilyen lapokat zugsajt\u00f3nak h\u00edvt\u00e1k, az ilyen h\u00edreket pedig revolverjournalisztik\u00e1nak.<\/p>\n<p>Az \u00e9n \u00e1ltalam tapasztaltak, amint azt kutat\u00e1sok is meg\u00e1llap\u00edtott\u00e1k, egy\u00e9rtelm\u0171en azt mutatj\u00e1k, hogy a vit\u00e1ban a t\u00e9nyeknek van a legkevesebb es\u00e9ly\u00fck. Eleve k\u00e9t ellent\u00e9tes n\u00e9zetet vall\u00f3 ember egyfajta hitvil\u00e1gban \u00e9lve \u2013 ez a hit vonatkozhat a focit\u00f3l a politik\u00e1n \u00e1t az erk\u00f6lcsig b\u00e1rmire \u2013 oly m\u00e9rt\u00e9kben utas\u00edtja el a m\u00e1sik \u00e9rveit, hogy azoknak igaz\u00e1b\u00f3l nincs es\u00e9ly\u00fck. Igazuk bizony\u00edt\u00e1s\u00e1ra a m\u00e1sikat t\u00e1j\u00e9kozatlannak, rosszindulat\u00fanak vagy egyszer\u0171en h\u00fcly\u00e9nek b\u00e9lyegzik, ny\u00edlt vagy burkolt form\u00e1ban. \u00cdgy a vita nem lesz t\u00f6bb verb\u00e1lis vereked\u00e9sn\u00e9l, mely j\u00f3 esetben nem alakul \u00e1t val\u00f3s\u00e1goss\u00e1.<\/p>\n<p>Ha megn\u00e9zz\u00fck a t\u00f6rt\u00e9nelmet, akkor r\u00e1j\u00f6het\u00fcnk, hogy az tulajdonk\u00e9ppen nem m\u00e1s, mint egyfajta fake news-ok ment\u00e9n halad\u00f3 esem\u00e9nyl\u00e1ncolat. Gondoljunk csak az \u00edg\u00e9ret f\u00f6ldj\u00e9re, az Eldor\u00e1d\u00f3ra, a kommunista egyenl\u0151s\u00e9gre, vagy a ma divatban l\u00e9v\u0151, am\u00fagy semmire sem j\u00f3 szabads\u00e1g fogalm\u00e1ra. Gyorsan ideteszem megjegyz\u00e9sk\u00e9nt, hogy a szabads\u00e1g az\u00e9rt nem \u00e9rtelmezhet\u0151, mert mindenki rabja valamilyen hiedelemrendszernek, m\u00e9g az is, aki a szabads\u00e1g mindenhat\u00f3s\u00e1g\u00e1ban hisz.<\/p>\n<p>Teh\u00e1t az emberis\u00e9g t\u00f6rt\u00e9nete nem m\u00e1s, mint legend\u00e1kb\u00f3l, f\u00e9linform\u00e1ci\u00f3kb\u00f3l \u00e9p\u00edtett hiedelmek ment\u00e9n szervez\u0151d\u0151 birodalmak t\u00f6rt\u00e9nete. Olyan birodalmak\u00e9, amelyek egy elk\u00e9pzelt vil\u00e1got adtak el megval\u00f3s\u00edthat\u00f3k\u00e9nt a t\u00f6megeknek. Ez volt az oka a birodalmak \u00f6sszeoml\u00e1s\u00e1nak is. Amikor m\u00e1r nem l\u00e1tszott megval\u00f3s\u00edthat\u00f3nak a fikci\u00f3, akkor a birodalom gyorsabban vagy lassabban kim\u00falt, hogy \u00e1tadja hely\u00e9t egy \u00faj fikci\u00f3n szervez\u0151d\u0151 hatalomnak.&nbsp;<\/p>\n<p>Mert csak egy fikci\u00f3 k\u00e9nyszer\u00edthet arra t\u00f6megeket, hogy fel\u00e1ldozz\u00e1k ak\u00e1r az \u00e9let\u00fcket is valami\u00e9rt, ami am\u00fagy nem is az \u00f6v\u00e9k.<\/p>\n<p>Ez\u00e9rt azt\u00e1n egy\u00e9rtelm\u0171, hogy hossz\u00fat\u00e1von a hatalom \u00e9s az igazs\u00e1g nem j\u00e1rhat egy\u00fctt. A hatalom megtart\u00e1s\u00e1hoz mindig egy eladhat\u00f3 fikci\u00f3 kell, ha ez a fikci\u00f3 elf\u00e1rad, majd lev\u00e1ltja egy m\u00e1sik, amely szint\u00e9n nem az igazs\u00e1gr\u00f3l, csup\u00e1n egy \u00faj, izgalmasabb, hihet\u0151bb hazugs\u00e1gr\u00f3l fog sz\u00f3lni.<\/p>\n<p>Az emberis\u00e9g t\u00f6rt\u00e9nete teh\u00e1t a hihet\u0151 hazugs\u00e1gok im\u00e1dat\u00e1nak t\u00f6rt\u00e9nete.<\/p>\n<p>Ez most bizonyosan sokaknak, illetve az olvas\u00f3k t\u00f6bbs\u00e9g\u00e9nek nem tetszik, aminek oka a fentiekben kifejtett t\u00e9ny, \u00e1m fentebb az is \u00edrva vagyon, hogy a t\u00e9nyek soha nem versenyezhetnek a hitekkel, ez\u00e9rt azt\u00e1n ez az \u00edr\u00e1s sem t\u00f6bb, mint egy \u00fajabb felesleges k\u00eds\u00e9rlet a fake news-zal folytatott k\u00fczdelemben.<\/p>\n<p>Egyet azonban, mint tapasztalt id\u0151utaz\u00f3nak, elhihetnek nekem, a hiedelmeink, ha m\u00e1sra nem is, arra mindenk\u00e9ppen j\u00f3k, hogy megv\u00e9djenek benn\u00fcnket az am\u00fagy sem l\u00e9tez\u0151 val\u00f3s\u00e1gt\u00f3l.<\/p>\n","protected":false},"excerpt":{"rendered":"<p>N\u00e9ha, gyakran \u00e9n is t\u00e9vedek. M\u00e1r \u00edrtam r\u00f3la, hogy mennyire bosszantanak az \u00e1lh\u00edrek, illetve nem is maguk a h\u00edrek, hanem az, hogy ezeknek a sz\u00e1momra nyilv\u00e1nval\u00f3an bl\u0151d h\u00fclyes\u00e9geknek emberek bed\u0151lnek, k\u00f6zt\u00fck olyan emberek is, akiket magam is ismerek \u00e9s enn\u00e9l&hellip;<\/p>\n<p class=\"more-link-p\"><a class=\"more-link\" href=\"http:\/\/www.kektoll.com\/?p=2400\">Read more &rarr;<\/a><\/p>\n","protected":false},"author":2,"featured_media":0,"comment_status":"closed","ping_status":"closed","sticky":false,"template":"","format":"standard","meta":{"ngg_post_thumbnail":0},"categories":[5,107],"tags":[94,37,117,66,118,40],"_links":{"self":[{"href":"http:\/\/www.kektoll.com\/index.php?rest_route=\/wp\/v2\/posts\/2400"}],"collection":[{"href":"http:\/\/www.kektoll.com\/index.php?rest_route=\/wp\/v2\/posts"}],"about":[{"href":"http:\/\/www.kektoll.com\/index.php?rest_route=\/wp\/v2\/types\/post"}],"author":[{"embeddable":true,"href":"http:\/\/www.kektoll.com\/index.php?rest_route=\/wp\/v2\/users\/2"}],"replies":[{"embeddable":true,"href":"http:\/\/www.kektoll.com\/index.php?rest_route=%2Fwp%2Fv2%2Fcomments&post=2400"}],"version-history":[{"count":1,"href":"http:\/\/www.kektoll.com\/index.php?rest_route=\/wp\/v2\/posts\/2400\/revisions"}],"predecessor-version":[{"id":2401,"href":"http:\/\/www.kektoll.com\/index.php?rest_route=\/wp\/v2\/posts\/2400\/revisions\/2401"}],"wp:attachment":[{"href":"http:\/\/www.kektoll.com\/index.php?rest_route=%2Fwp%2Fv2%2Fmedia&parent=2400"}],"wp:term":[{"taxonomy":"category","embeddable":true,"href":"http:\/\/www.kektoll.com\/index.php?rest_route=%2Fwp%2Fv2%2Fcategories&post=2400"},{"taxonomy":"post_tag","embeddable":true,"href":"http:\/\/www.kektoll.com\/index.php?rest_route=%2Fwp%2Fv2%2Ftags&post=2400"}],"curies":[{"name":"wp","href":"https:\/\/api.w.org\/{rel}","templated":true}]}}